{"id":11640,"date":"2026-09-04T11:26:28","date_gmt":"2026-09-04T09:26:28","guid":{"rendered":"https:\/\/aerenzdall.lu\/actualite\/2026\/"},"modified":"2026-09-04T14:19:54","modified_gmt":"2026-09-04T12:19:54","slug":"modification-temporaire-du-reglement-de-circulation-en-vue-des-travaux-de-reparation-au-reseau-de-leau-potable-a-medernach-renkebierg","status":"publish","type":"post","link":"https:\/\/aerenzdall.lu\/actualite\/2026\/modification-temporaire-du-reglement-de-circulation-en-vue-des-travaux-de-reparation-au-reseau-de-leau-potable-a-medernach-renkebierg","title":{"rendered":"Modification temporaire du r\u00e8glement de circulation en vue des travaux de r\u00e9paration au r\u00e9seau de l&rsquo;eau potable \u00e0 Medernach &#8211; Renkebierg"},"content":{"rendered":"","protected":false},"excerpt":{"rendered":"<p>Par la pr\u00e9sente, nous vous informons qu\u2019en raison des travaux de r\u00e9paration au r\u00e9seau de l\u2019eau potable \u00e0 Medernach, la\u2026<\/p>\n","protected":false},"author":11,"featured_media":0,"comment_status":"closed","ping_status":"closed","sticky":false,"template":"","format":"standard","meta":{"_acf_changed":false},"categories":[38,100,104],"class_list":["post-11640","post","type-post","status-publish","format-standard","hentry","category-avis","category-circulation","category-modification-temporaire-du-reglement-de-circulation"],"acf":[],"_links":{"self":[{"href":"https:\/\/aerenzdall.lu\/api\/wp\/v2\/posts\/11640","targetHints":{"allow":["GET"]}}],"collection":[{"href":"https:\/\/aerenzdall.lu\/api\/wp\/v2\/posts"}],"about":[{"href":"https:\/\/aerenzdall.lu\/api\/wp\/v2\/types\/post"}],"author":[{"embeddable":true,"href":"https:\/\/aerenzdall.lu\/api\/wp\/v2\/users\/11"}],"replies":[{"embeddable":true,"href":"https:\/\/aerenzdall.lu\/api\/wp\/v2\/comments?post=11640"}],"version-history":[{"count":3,"href":"https:\/\/aerenzdall.lu\/api\/wp\/v2\/posts\/11640\/revisions"}],"predecessor-version":[{"id":11647,"href":"https:\/\/aerenzdall.lu\/api\/wp\/v2\/posts\/11640\/revisions\/11647"}],"wp:attachment":[{"href":"https:\/\/aerenzdall.lu\/api\/wp\/v2\/media?parent=11640"}],"wp:term":[{"taxonomy":"category","embeddable":true,"href":"https:\/\/aerenzdall.lu\/api\/wp\/v2\/categories?post=11640"}],"curies":[{"name":"wp","href":"https:\/\/api.w.org\/{rel}","templated":true}]}}