{"id":7415,"date":"2026-09-01T09:00:07","date_gmt":"2026-09-01T07:00:07","guid":{"rendered":"https:\/\/aerenzdall.lu\/actualite\/2024\/"},"modified":"2026-09-01T08:52:08","modified_gmt":"2026-09-01T06:52:08","slug":"collecte-des-vieux-vetements-kleidersammlung","status":"publish","type":"post","link":"https:\/\/aerenzdall.lu\/actualite\/2026\/collecte-des-vieux-vetements-kleidersammlung","title":{"rendered":"Collecte de v\u00eatements &#8211; Kleidersammlung &#8211; 18.09.2026"},"content":{"rendered":"","protected":false},"excerpt":{"rendered":"<p>Stellt \u00c4r Tuten, den Dag vun der Sammlung op den Trottoir, wou d&rsquo;Sammelequipe vu 7 Auer u pass\u00e9iert. Gesammelt g\u00ebtt\u2026<\/p>\n","protected":false},"author":7,"featured_media":0,"comment_status":"closed","ping_status":"closed","sticky":false,"template":"","format":"standard","meta":{"_acf_changed":false},"categories":[45,1],"class_list":["post-7415","post","type-post","status-publish","format-standard","hentry","category-actualite","category-information"],"acf":[],"_links":{"self":[{"href":"https:\/\/aerenzdall.lu\/api\/wp\/v2\/posts\/7415","targetHints":{"allow":["GET"]}}],"collection":[{"href":"https:\/\/aerenzdall.lu\/api\/wp\/v2\/posts"}],"about":[{"href":"https:\/\/aerenzdall.lu\/api\/wp\/v2\/types\/post"}],"author":[{"embeddable":true,"href":"https:\/\/aerenzdall.lu\/api\/wp\/v2\/users\/7"}],"replies":[{"embeddable":true,"href":"https:\/\/aerenzdall.lu\/api\/wp\/v2\/comments?post=7415"}],"version-history":[{"count":3,"href":"https:\/\/aerenzdall.lu\/api\/wp\/v2\/posts\/7415\/revisions"}],"predecessor-version":[{"id":11588,"href":"https:\/\/aerenzdall.lu\/api\/wp\/v2\/posts\/7415\/revisions\/11588"}],"wp:attachment":[{"href":"https:\/\/aerenzdall.lu\/api\/wp\/v2\/media?parent=7415"}],"wp:term":[{"taxonomy":"category","embeddable":true,"href":"https:\/\/aerenzdall.lu\/api\/wp\/v2\/categories?post=7415"}],"curies":[{"name":"wp","href":"https:\/\/api.w.org\/{rel}","templated":true}]}}